{"id":401,"date":"2016-04-10T20:23:04","date_gmt":"2016-04-10T19:23:04","guid":{"rendered":"http:\/\/mapconcept.fr\/?p=401"},"modified":"2022-04-13T10:58:34","modified_gmt":"2022-04-13T14:58:34","slug":"academie-de-la-couleur-brun-de-rose","status":"publish","type":"post","link":"https:\/\/mapconcept.fr\/index.php\/2016\/04\/10\/academie-de-la-couleur-brun-de-rose\/","title":{"rendered":"Acad\u00e9mie de la Couleur : Brun de Rose"},"content":{"rendered":"<p align=\"justify\"><img loading=\"lazy\" decoding=\"async\" class=\"aligncenter size-large wp-image-449\" src=\"https:\/\/mapconcept.fr\/wp-content\/uploads\/2016\/10\/IMAG0581-1024x579.jpg\" alt=\"Vue depuis la Tour Pey-Berland\" width=\"640\" height=\"362\"><\/p>\n<p align=\"justify\">Le 18 Mars 2016, j&rsquo;ai pu d\u00e9couvrir l&rsquo;Acad\u00e9mie de la Couleur et le travail de l&rsquo;\u00e9quipe bordelaise autour de la Couleur. Une programme plein de promesse qui m&rsquo;a plus que ravis. J&rsquo;ai profit\u00e9 pour visiter la ville de Bordeaux, v\u00e9ritable bijou architectural du XIX\u00e8me, une des anciennes m\u00e9tropoles du commerce colonial class\u00e9e au patrimoine mondial de l&rsquo;Unesco. L&rsquo;homme du Sud-Ouest que je suis depuis plus d&rsquo;une douzaine d&rsquo;ann\u00e9es a g\u00e9n\u00e9ralement trouv\u00e9 le Sud-Ouest plus attrayant, color\u00e9 et vivant. C&rsquo;est surtout l&rsquo;esprit du Sud authentique, qui jaillit sur le paysage et que l&rsquo;on ne retrouve nulle part ailleurs, ce qui me convient bien.&nbsp;Avec \u00e9tonnement, j&rsquo;ai trouv\u00e9 Bordeaux extraordinaire, tant dans son histoire quand dans son tissu urbain. Je ne pensais pas \u00eatre \u00e0 ce point s\u00e9duit par une grande ville de Provence fran\u00e7aise. Cela ne m&rsquo;\u00e9tait pas arriv\u00e9 depuis ma visite de Toulouse en 2003.<\/p>\n<p>Plusieurs facteurs jouent en faveur de cette superbe ville :<\/p>\n<h2>L&rsquo;anachronisme architectural<\/h2>\n<p align=\"justify\">Un v\u00e9ritable voyage dans le temps&nbsp;et \u00e0 la fois&nbsp;une exp\u00e9rience anachronique qui surprend. On se retrouve \u00e0 d\u00e9ambuler dans une ville presque intacte, o\u00f9 des tr\u00e9sors encore flamboyants&nbsp;d&rsquo;une \u00e9poque r\u00e9volue sont encore \u00e0 porter de regard, entre les nombreux restaurants et les longues all\u00e9es de magasins qui fr\u00e9tillent \u00e0 la vitesse de la vie moderne. L\u2019errance est donc de mise dans une ville comme Bordeaux. Pour appr\u00e9cier vraiment le d\u00e9cor, il faut l&rsquo;explorer absolument \u00e0 pied. La vieille ville est domin\u00e9e par les clochers des \u00e9glises, il n&rsquo;y a pas de buildings qui parasitent la vision. Si on joue le jeu de l&rsquo;architecture, on peut compl\u00e8tement se projeter dans son histoire et&nbsp;vivre l&rsquo;espace dans lequel on \u00e9volue.<\/p>\n<p>J&rsquo;ai eu un vrai coup de c\u0153ur pour le mus\u00e9e des Arts d\u00e9coratifs et du Design install\u00e9 dans l&rsquo;H\u00f4tel Lalande, un espace o\u00f9 l&rsquo;imaginaire gambade. On peut approcher les meubles et les c\u00e9ramiques au centim\u00e8tre, cette proximit\u00e9 avec objets expos\u00e9es nous fait vivre une exp\u00e9rience unique. On&nbsp;se d\u00e9place de pi\u00e8ce en pi\u00e8ce comme un client de l&rsquo;H\u00f4tel et on finit par faire partie du d\u00e9cor. Si vous devez visiter un mus\u00e9e \u00e0 Bordeaux, choisissez celui-ci.<br \/>\nD&rsquo;une c\u00f4t\u00e9 la vieille ville entretenue et maintenue dans son \u00e2ge d&rsquo;or,&nbsp;et&nbsp;de l&rsquo;autre c\u00f4t\u00e9 un Bordeaux tourn\u00e9 vers l&rsquo;avenir avec des constructions modernes et une strat\u00e9gie du d\u00e9veloppement industriel de l&rsquo;innovation. Bordeaux est une ville d&rsquo;ambition, pour les ambitieux.<br \/>\n<img loading=\"lazy\" decoding=\"async\" class=\"aligncenter size-large wp-image-451\" src=\"https:\/\/mapconcept.fr\/wp-content\/uploads\/2016\/10\/IMAG0600-1024x579.jpg\" alt=\"imag0600\" width=\"640\" height=\"362\"><\/p>\n<h2>Les dispositifs touristiques<\/h2>\n<p align=\"justify\">Les touristes \u00e0 Bordeaux en ont pour leur argent. On ressent clairement une volont\u00e9 politique de valorisation du patrimoine, de d\u00e9veloppement des structures touristiques et culturelles. Traduction en dix&nbsp;langues des circuits touristiques, diff\u00e9rents forfaits de visite, excursions dans les domaines viticoles, &nbsp;d\u00e9couverte de la gastronomie bordelaise&#8230; J&rsquo;ai pass\u00e9 trois jours \u00e0 Bordeaux qui ont ressembl\u00e9 \u00e0 cinq jours. On se d\u00e9place facilement gr\u00e2ce au Tramway, il y a une vraie accessibilit\u00e9 des lieux. Les rives de la Garonne sont am\u00e9nag\u00e9es, c&rsquo;est un plaisir. Pour les visiteurs et les gens de passage, tout est fait pour que vous n&rsquo;oubliez pas Bordeaux quand vous partirez.<\/p>\n<h2><img loading=\"lazy\" decoding=\"async\" class=\"aligncenter size-large wp-image-453\" src=\"https:\/\/mapconcept.fr\/wp-content\/uploads\/2016\/10\/IMAG0625-1024x579.jpg\" alt=\"Vue depuis le VISIOTOUR\" width=\"640\" height=\"362\"><\/h2>\n<p>&nbsp;<\/p>\n<h2>Une ville \u00e0 l&rsquo;\u00e9coute&nbsp;des actions locales<\/h2>\n<p align=\"justify\">Il se peut que \u00e7a soit une impression personnelle mais dans la vie bordelaise, j&rsquo;ai eu la sensation que la ville \u00e9tait \u00e0 l&rsquo;\u00e9coute&nbsp;des entrepreneurs et les initiateurs d&rsquo;actions sociales, culturelles, industrielles ou artistiques. Je suis rarement emball\u00e9 par les dialogues politiques qui sont rarement des \u00e9changes fertiles mais davantage des combats pour faire vivre la ville \u00e0 l&rsquo;\u00e9chelle des hommes et pas seulement des populations ou des communaut\u00e9s. A Bordeaux, tout n&rsquo;est pas rose, loin de l\u00e0!&nbsp;&nbsp;mais ne serait-ce que de savoir qu&rsquo;on existe dans la ville, m\u00eame symboliquement, pour son initiative et qu&rsquo;on est reconnu comme un acteur de sa ville, c&rsquo;est d\u00e9j\u00e0 beaucoup. Si je dois faire la comparaison avec Toulouse, la politique&nbsp;du tourisme&nbsp;est plut\u00f4t d\u00e9magogique, ou l&rsquo;on fait pour montrer qu&rsquo;on fait, sans vraiment avoir une vision citoyenne du d\u00e9veloppement et de l&rsquo;innovation culturelle. D&rsquo;ailleurs, il y a un foss\u00e9 entre la culture vivante de Toulouse d&rsquo;une richesse authentique et la culture sponsoris\u00e9e, politiquement correcte et sans v\u00e9ritable valorisation du local. On soutient souvent les grands et on oublie trop souvent les petits acteurs.<\/p>\n<p>Cette petite introduction nous am\u00e8ne \u00e0 la conf\u00e9rence Brun de Rose de la terre aux territoires.<\/p>\n<h2>Brun de Rose, de la terre aux territoires<\/h2>\n<p align=\"justify\">Je trouve ce titre profond\u00e9ment appropri\u00e9, ne serait-ce que pour le lien avec la ville de Bordeaux. \u00ab\u00a0Brun de rose\u00a0\u00bb, \u00ab\u00a0terre\u00a0\u00bb, comment ne pas penser au vin de Bordeaux? \u00ab\u00a0Territoires\u00a0\u00bb, quand le pass\u00e9 et le pr\u00e9sent sont les \u00e9crans d&rsquo;une ville en devenir. La couleur a une place l\u00e9gitime dans cette ville surprenante.<\/p>\n<p>L&rsquo;Acad\u00e9mie de la Couleur, dont&nbsp;Marie-Pierre Servantie est la pr\u00e9sidente favorise une approche interdisciplinaire de la couleur et un dynamisme des \u00e9changes des savoirs et des savoirs-faire dans le domaine. L&rsquo;Acad\u00e9mie de la Couleur est aujourd&rsquo;hui un des p\u00f4les de la couleur en France.<\/p>\n<blockquote><p>Il faut une vision globale qui m\u00eale les m\u00e9thodes d&rsquo;analyses de divers sections de sciences et des arts. \u00ab\u00a0Wilfried KRUG\u00a0\u00bb<\/p><\/blockquote>\n<h2>Brun de rose, couleur des s\u00e9diments, de la terre \u00ab\u00a0Am\u00e9lie VIALET\u00a0\u00bb<\/h2>\n<p align=\"justify\">T\u00e9moignages des objets pr\u00e9historiques qui nous r\u00e9l\u00e8vent les comportements des hommes pr\u00e9historiques (pal\u00e9olithique sup\u00e9rieur)<br \/>\nLa couleur de la terre &#8211; De la terre au territoire &#8211; Sous la terre<br \/>\nConsultation de cartes r\u00e9pertoriant diff\u00e9rents s\u00e9diments codifi\u00e9es par des couleurs. P\u00e9riode quaternaire.<br \/>\nLa couleur est porteuse d&rsquo;informations historiques.<br \/>\nAvec toutes ces analyses, nous pouvons reconstituer le pal\u00e9opaysage.<br \/>\nSite de Nice Terra Amatra : premi\u00e8res traces de feu en France.<br \/>\nStratigraphie avec les diff\u00e9rentes couches de s\u00e9diments (couleurs, granulom\u00e9trie, analyses microspcopiques)<br \/>\nLa r\u00e9volution de la pierre taill\u00e9e (L&rsquo;innovation \u00e0 l&rsquo;origine de ce que nous sommes devenus)<br \/>\nMurs de nodules de silex.<br \/>\nCorn\u00e9enne \u00e0 Totavenne.<br \/>\nS\u00e9pulture (remise \u00e0 la terre, retour \u00e0 la terre). Elles sont recouverts d&rsquo;ocre 140 000 ans avant notre \u00e8re. Il est probable que l&rsquo;ocre vienne de l&rsquo;\u00eele d&rsquo;Elbe.<br \/>\nSous terre, grotte Chauvet.<\/p>\n<h2>Les artistes ind\u00e9pendants \u00ab\u00a0c\u00e9zannistes\u00a0\u00bb dans l&rsquo;ex RDA, Marie-Lys SINGARAVELOU.<\/h2>\n<p align=\"justify\">Hans Grundig, Opfer des faschismus, 1946. Tons de terre.<br \/>\nFaire le deuil des p\u00e9riodes de mort. Retour \u00e0 la terre r\u00e9dompteur. La terre comme chair originelle, maternelle, \u00ab\u00a0terre m\u00e8re\u00a0\u00bb.<br \/>\nDes lueurs d&rsquo;ocres qui jaillissent des rouges terreux.<br \/>\nSabine Peukert, Gem\u00fcse, entre le c\u00e9zannisme et le expressionnisme, un art m\u00e9tisse qui tend vers un \u00e9quilibre plastique en phase avec son \u00e9poque.<br \/>\nLothar B\u00f6hme, Kopf, 2001 . La permanence de l&rsquo;homme, ce qui nous constitue en substance.<\/p>\n<h2>Couleur et visagisme : Corinne BONNET<\/h2>\n<p align=\"justify\">Fondatrice de la Trends Academy. Salon Yann Marincamp.<br \/>\nVous avez dit chatain? Chromatologie : symbolique des couleurs, signes formes et couleurs.<br \/>\nTout commence par une consultation client. On travaille dans un dialogue avec le client.<br \/>\nPenser la coloration du cheveu en prenant compte de la carnation de la peau.<br \/>\nColoration comme d\u00e9coration du cheveu.<br \/>\nDu moyen-\u00e2ge \u00e0 la renaissance, le Blond v\u00e9nitien \u00e9tait adul\u00e9.<br \/>\nLa coloration est devenue indispensable, elle fait partie de nos modes et de nos envies. La couleur est vibratoire et \u00e9motionnelle.<br \/>\nElle est li\u00e9e aux quatre saisons, la peau bouge tout au long de l&rsquo;ann\u00e9e, la couleur de la peau \u00e9volue, la couleur des cheveux \u00e9galement.<br \/>\nLa couleur a une connotation sociologique. La mani\u00e8re dont on s&rsquo;habille traduit l&rsquo;\u00e9tat d&rsquo;esprit dans lequel nous sommes. Les textures que l&rsquo;on porte, les formes et les bijoux repr\u00e9sente des traits subliminaux qui d\u00e9voilent notre personnalit\u00e9. Ce ne sont pas des \u00e9l\u00e9ments fig\u00e9s, ils sont r\u00e9v\u00e9lateurs d&rsquo;un \u00e9tat d&rsquo;esprit du moment.<br \/>\nLa coloration des cheveux a une action direct sur la peau qui elle a une action sur les yeux.<br \/>\nLa hauteur de tonalit\u00e9 de peau est la fondamentale pour la mise en valeur du visage. Le ph\u00e9nom\u00e8ne de contraste joue sur notre perception des tonalit\u00e9s. Des cheveux plus fonc\u00e9 que la peau vont l&rsquo;\u00e9claircir et inversement.<br \/>\nLes reflets (cendr\u00e9, iris\u00e9, dor\u00e9 etc.) vont \u00eatre d\u00e9finis en fonction des tons du visages et des yeux.<br \/>\nL&rsquo;omnipr\u00e9sence du contretype.<\/p>\n<h2>Dominique CUVILIER : Bon teint et bon ton, tendances \u00e0 fleur de peau.<\/h2>\n<p align=\"justify\">Captologue. Comit\u00e9 fran\u00e7ais de la couleur.<br \/>\nTensions d&rsquo;humanit\u00e9, nous sommes dans des recherches d&rsquo;authenticit\u00e9s mais nous avons toujours la n\u00e9cessit\u00e9 de donner du sens par la rencontre physique.<br \/>\nNous sommes dans un contr\u00f4le de syst\u00e8mes qui finissent par nous contr\u00f4ler.<br \/>\nNous dans un m\u00e9tissage technologique et humain.<br \/>\nMus\u00e9e Quai Branly, exposition Persona<br \/>\nLe brun de rose nous ram\u00e8ne aux rapports entre la chair et la technologie. Le brun de rose est aussi la rencontre entre le monde de la robotique technologique et l&rsquo;homme de chair.<br \/>\nPlus la technologie se d\u00e9veloppe, plus on va chercher \u00e0 retrouver une dimension humaine.<br \/>\nLa bio impression tend \u00e0 se d\u00e9velopper. La seconde peau.<br \/>\nProspective. Jeunisme et Agisme, qui marie le brun et le rose. Une articulation qui m\u00e8ne sur le d\u00e9bat de l&rsquo;immortalit\u00e9.<br \/>\nBarbie : les nouvelles babies, rupture des arch\u00e9types.<\/p>\n<h2>Larissa NOURY : Polychromie urbaine<\/h2>\n<p align=\"justify\">De l&rsquo;architecture \u00e9gyptienne, des contructions gr\u00e9co-romaines, des fantaisies du 19i\u00e8me, de l&rsquo;Art Nouveau, des Arts D\u00e9co en passant par le Corbusier ou encore hundertwasser jusqu&rsquo;\u00e0 l&rsquo;architecture modernes puis contemporaines, la couleur traduit des discours, des personnalit\u00e9s, des \u00e9poques.<br \/>\nLe design environnement : la beaut\u00e9 doit \u00eatre fonctionnnelle.<br \/>\nArquitectonica, groupe d&rsquo;architecture. Groupe Jean nouvel.<br \/>\nQuatre groupes : architecture de \u00ab\u00a0valeur\u00a0\u00bb (clair fonc\u00e9), \u00ab\u00a0couleur\u00a0\u00bb (tonalit\u00e9, polychromie), \u00ab\u00a0nuance\u00a0\u00bb (cama\u00efeux), \u00ab\u00a0mixte\u00a0\u00bb (m\u00e9lange couleur et nuance ou valeur).<br \/>\nL&rsquo;intelligence de l&rsquo;harmonie des couleurs est une source de la revitalisation urbaine.<\/p>\n<h2>Marie-Pierre SERVANTIE : Polychromie rurale<\/h2>\n<p align=\"justify\">3 rep\u00e9rages: Rep\u00e9rage de loin, vision rapproch\u00e9e, rep\u00e9rage de pr\u00e8s. base sur le nuancier NCS.<br \/>\nReproduction des teintes. Contretypes d&rsquo;\u00e9chantillon.<br \/>\nInduits tyroliens = enduits m\u00e9lang\u00e9s aux pigments.<\/p>\n<h2>Table Ronde<\/h2>\n<p align=\"justify\">Sylvain SCHOONBAERT, Yves RAIBAUD, Ana\u00efs DUPUY-MOREAU, Michel PETUAUD-LETANG, Jean-Paul SIMON, Marie BERLAND,<br \/>\nCrois\u00e9s et menuiseries en petit gris (blanc gris\u00e9e)<br \/>\nPortes de la place de la Bourse peintes en blanc brillant.<br \/>\nAuteur de Histoire de portes de Bordeaux.<br \/>\nLes portes sont en bois jusqu&rsquo;\u00e0 l&rsquo;Art Nouveau. La peinture \u00e9tait une fa\u00e7on facile d&rsquo;harmoniser les portes qui \u00e9taient constitu\u00e9es d&rsquo;essences de bois diff\u00e9rentes.<br \/>\nLa couleur d&rsquo;une ville, c&rsquo;est la couleur des mat\u00e9riaux locaux utilis\u00e9s dans l&rsquo;architecture vernaculaire.<br \/>\nRequalification des fa\u00e7ades. Pignons avec illustration.<br \/>\nLe mat\u00e9riau Danpalon, translucide polycabonate (propri\u00e9t\u00e9 de difraction) Soci\u00e9t\u00e9 Everlite. Isolation ext\u00e9rieure : double peau, espacement de quelques centim\u00e8tres avec des syst\u00e8mes de ventilations. Cette seconde peau \u00e0 un indice thermique. Elle absorbe le choc thermique.<br \/>\nYves RAIBAUD: PFH: Putain de Facteur Humain.<br \/>\nLes nouvelles architectures improbables en banlieue sont-elles v\u00e9ritablement cr\u00e9atives ou toujours stigmatisantes?<\/p>\n<p>&#8212;&#8212;&#8212;&#8212;&#8212;&#8212;&#8211;<\/p>\n<p align=\"justify\">Troph\u00e9e \u00ab\u00a0Oeilleton\u00a0\u00bb 2015, Michel Albert-Vanel. Spiritualit\u00e9 de la couleur.<br \/>\nColorisation de photo ancienne : Alain d&rsquo;AMATO pour son livre 1914-1918. Prix sp\u00e9ciale du Jury 2016.<br \/>\nTroph\u00e9e Oeilleton 2016 \u00e0 Herv\u00e9 BERNARD, Regard sur l&rsquo;Image. Iconoolisme, overdose d&rsquo;image.<\/p>\n<p>&#8212;&#8212;&#8212;&#8212;&#8212;&#8212;&#8211;<br \/>\n<img loading=\"lazy\" decoding=\"async\" class=\"aligncenter wp-image-412 size-large\" src=\"https:\/\/mapconcept.fr\/wp-content\/uploads\/2016\/04\/IMAG0613-1024x579.jpg\" alt=\"Aux c\u00f4t\u00e9s de Jacqueline Carron\" width=\"640\" height=\"362\"><br \/>\nA la suite de cette conf\u00e9rence, nous avons pu admirer une exposition \u00e0 la galerie MLS, 123 quai des Chartrons intitul\u00e9 \u00ab\u00a0M\u00b2 DE COULEURS\u00a0\u00bb.&nbsp;J&rsquo;ai notamment eu l&rsquo;honneur d&rsquo;\u00e9changer avec Jacqueline CARRON, monument de la couleur o\u00f9 elle exposait ses \u00ab\u00a0jeux de couleurs\u00a0\u00bb.<br \/>\n<img loading=\"lazy\" decoding=\"async\" class=\"aligncenter size-large wp-image-413\" src=\"https:\/\/mapconcept.fr\/wp-content\/uploads\/2016\/04\/IMAG0611-1024x579.jpg\" alt=\"Oeuvres de Jacqueline Carron\" width=\"640\" height=\"362\"><\/p>\n","protected":false},"excerpt":{"rendered":"<p>Le 18 Mars 2016, j&rsquo;ai pu d\u00e9couvrir l&rsquo;Acad\u00e9mie de la Couleur et le travail de l&rsquo;\u00e9quipe bordelaise autour de la Couleur. Une programme plein de promesse qui m&rsquo;a plus que ravis. J&rsquo;ai profit\u00e9 pour visiter la ville de Bordeaux, v\u00e9ritable bijou architectural du XIX\u00e8me, une des anciennes m\u00e9tropoles du commerce colonial class\u00e9e au patrimoine mondial de l&rsquo;Unesco. L&rsquo;homme du Sud-Ouest que je suis depuis plus d&rsquo;une douzaine d&rsquo;ann\u00e9es a g\u00e9n\u00e9ralement trouv\u00e9 le Sud-Ouest plus attrayant, color\u00e9 et vivant. C&rsquo;est surtout l&rsquo;esprit du Sud authentique, qui jaillit sur le paysage et que l&rsquo;on ne retrouve nulle part ailleurs, ce qui me&hellip;<\/p>\n","protected":false},"author":1,"featured_media":824,"comment_status":"open","ping_status":"open","sticky":false,"template":"","format":"standard","meta":{"footnotes":""},"categories":[3,8],"tags":[],"class_list":["post-401","post","type-post","status-publish","format-standard","has-post-thumbnail","hentry","category-blog","category-expositions","has-post-thumbnail-archive"],"_links":{"self":[{"href":"https:\/\/mapconcept.fr\/index.php\/wp-json\/wp\/v2\/posts\/401","targetHints":{"allow":["GET"]}}],"collection":[{"href":"https:\/\/mapconcept.fr\/index.php\/wp-json\/wp\/v2\/posts"}],"about":[{"href":"https:\/\/mapconcept.fr\/index.php\/wp-json\/wp\/v2\/types\/post"}],"author":[{"embeddable":true,"href":"https:\/\/mapconcept.fr\/index.php\/wp-json\/wp\/v2\/users\/1"}],"replies":[{"embeddable":true,"href":"https:\/\/mapconcept.fr\/index.php\/wp-json\/wp\/v2\/comments?post=401"}],"version-history":[{"count":1,"href":"https:\/\/mapconcept.fr\/index.php\/wp-json\/wp\/v2\/posts\/401\/revisions"}],"predecessor-version":[{"id":897,"href":"https:\/\/mapconcept.fr\/index.php\/wp-json\/wp\/v2\/posts\/401\/revisions\/897"}],"wp:featuredmedia":[{"embeddable":true,"href":"https:\/\/mapconcept.fr\/index.php\/wp-json\/wp\/v2\/media\/824"}],"wp:attachment":[{"href":"https:\/\/mapconcept.fr\/index.php\/wp-json\/wp\/v2\/media?parent=401"}],"wp:term":[{"taxonomy":"category","embeddable":true,"href":"https:\/\/mapconcept.fr\/index.php\/wp-json\/wp\/v2\/categories?post=401"},{"taxonomy":"post_tag","embeddable":true,"href":"https:\/\/mapconcept.fr\/index.php\/wp-json\/wp\/v2\/tags?post=401"}],"curies":[{"name":"wp","href":"https:\/\/api.w.org\/{rel}","templated":true}]}}