{"id":458,"date":"2016-10-16T04:15:58","date_gmt":"2016-10-16T03:15:58","guid":{"rendered":"http:\/\/mapconcept.fr\/?p=458"},"modified":"2022-04-13T10:56:17","modified_gmt":"2022-04-13T14:56:17","slug":"le-gang-des-antillais-une-perle-rare-du-cinema-caribeen","status":"publish","type":"post","link":"https:\/\/mapconcept.fr\/index.php\/2016\/10\/16\/le-gang-des-antillais-une-perle-rare-du-cinema-caribeen\/","title":{"rendered":"Le Gang Des Antillais \/\/ Une perle rare du cin\u00e9ma carib\u00e9en"},"content":{"rendered":"<p>Pr\u00e9sent \u00e0 l&rsquo;avant-premi\u00e8re du film de Jean-Claude Barny Le Gang Des Antillais, je tenais \u00e0 partager mon ressenti du film.<\/p>\n<figure id=\"attachment_459\" aria-describedby=\"caption-attachment-459\" style=\"width: 704px\" class=\"wp-caption aligncenter\"><img loading=\"lazy\" decoding=\"async\" class=\"wp-image-459 size-full\" src=\"https:\/\/mapconcept.fr\/wp-content\/uploads\/2016\/10\/LGDA.jpg\" alt=\"lgda\" width=\"704\" height=\"960\"><figcaption id=\"caption-attachment-459\" class=\"wp-caption-text\">Affiche du Film<\/figcaption><\/figure>\n<h2>SYNOPSIS<\/h2>\n<p>Dans les ann\u00e9es 70, le BUMIDOM promettait de favoriser l\u2019insertion en m\u00e9tropole des fran\u00e7ais des DOM-TOM. Jimmy Larivi\u00e8re, arriv\u00e9 \u00e0 Paris pour refaire sa vie, ne parvient pas \u00e0 trouver sa place dans la soci\u00e9t\u00e9. Sa rencontre avec un groupe de trois jeunes antillais va l\u2019entra\u00eener dans une s\u00e9rie de braquages retentissants.<br \/>\n&nbsp;<\/p>\n<h2>UN COMBAT DE COQ<\/h2>\n<p>L&rsquo;adaptation du livre autobiographique \u00ab\u00a0Le Gang Des Antillais\u00a0\u00bb de Lo\u00efc L\u00e9ry par Jean-Claude Barny est une r\u00e9ussite tout simplement. Les six ann\u00e9es de travail sur ce film \u00e0 petit budget (2 millions d&rsquo;euros et tourn\u00e9 en 1 mois) ont \u00e9t\u00e9 n\u00e9cessaires pour produire cette v\u00e9ritable p\u00e9pite cin\u00e9matographique.<br \/>\nTourn\u00e9e principalement \u00e0 Toulouse, Barny nous immerge sans difficult\u00e9 dans le Paris des ann\u00e9es 70 avec une qualit\u00e9 de d\u00e9tails, une pr\u00e9cision des cadrages, une r\u00e9flexion pouss\u00e9e sur l&rsquo;\u00e9clairage et une richesse visuelle foissonnante qui font de chaque plan une composition graphique \u00e0 part enti\u00e8re. Le film a du corps et surtout un discours s\u00e9rieux autour d&rsquo;une histoire authentique.<br \/>\nJ&rsquo;ai retrouv\u00e9 \u00e0 travers ce film le talent carib\u00e9en incisif qui habite chaque antillais en substance; celui qui nous manque tant en cette p\u00e9riode de p\u00e9nurie culturelle, un talent que Barny a su apprivoiser, rationnaliser dans un long m\u00e9trage affirm\u00e9 et assum\u00e9.<br \/>\nLe Gang Des Antillais est sans compromis, dans un m\u00e9tissage des genres entre polar et drame de soci\u00e9t\u00e9. C&rsquo;est un film qui rend hommage \u00e0 la culture carib\u00e9enne en toute modestie.<br \/>\nEn profondeur, le Gang Des Antillais est d&rsquo;abord une le\u00e7on d&rsquo;histoire avant d&rsquo;\u00eatre une le\u00e7on de vie. Il aborde avec audace et maturit\u00e9 la p\u00e9riode charni\u00e8re du BUMIDOM, l&rsquo;une des plaies b\u00e9antes de l&rsquo;histoire des d\u00e9partements d&rsquo;Outre-Mer. A travers la vie du personnage principal, Jimmy, on retrouve tous les stigmates des traumatismes sociaux r\u00e9currents dans les soci\u00e9t\u00e9s modernes : acceptation de l&rsquo;autre, \u00eatre un \u00e9tranger dans son pays, la rancoeur des communaut\u00e9s, l&rsquo;arbitraire judiciaire et politique etc. Le film n&rsquo;a jamais \u00e9t\u00e9 autant d&rsquo;actualit\u00e9 quand on pense aux migrations syriennes vers l&rsquo;Occident.<br \/>\nLa France de Barny, c&rsquo;est la France du quotidien, celle pour laquelle on donnerait sa vie pour la d\u00e9fendre comme celle qui suscite la haine.<\/p>\n<figure id=\"attachment_460\" aria-describedby=\"caption-attachment-460\" style=\"width: 640px\" class=\"wp-caption aligncenter\"><img loading=\"lazy\" decoding=\"async\" class=\"size-large wp-image-460\" src=\"https:\/\/mapconcept.fr\/wp-content\/uploads\/2016\/10\/le-gang-des-antillais-1-1024x542.png\" alt=\"Plan marquant du film\" width=\"640\" height=\"339\"><figcaption id=\"caption-attachment-460\" class=\"wp-caption-text\">Plan marquant du film<\/figcaption><\/figure>\n<p>Effectivement le film a du corps, de par ces d\u00e9cors d&rsquo;\u00e9poque qui nous transportent vers l&rsquo;ailleurs (Le spectateur devient un migrant) mais surtout un casting fin, d&rsquo;une efficacit\u00e9 redoutable. Le moelleux de l&rsquo;image est incontestable, chaque personnage est n\u00e9cessaire pour que l&rsquo;objectivit\u00e9 fonctionne. Entre le bien et le mal se situe la vie de chacun, seul face \u00e0 ses choix. L&rsquo;altruisme d&rsquo;un patron de bistrot, l&rsquo;amour d&rsquo;une marraine, le c\u0153ur d&rsquo;une femme, un enfant comme raison de vivre, voici les ingr\u00e9dients d&rsquo;un succ\u00e8s.<br \/>\nL&rsquo;orchestration de Barny fait chanter la pellicule num\u00e9rique : quelque chose se passe \u00e0 l&rsquo;\u00e9cran; on est t\u00e9moin de la violence sociale qui se r\u00e9v\u00e8le \u00e0 nous comme un \u00e9corch\u00e9 vif de l&rsquo;Histoire. L&rsquo;Histoire avec un grand H connue pour sa d\u00e9magogie et son amn\u00e9sie se montre enfin sous son vrai visage, sans maquillage, brut de d\u00e9coffrage. L&rsquo;exploit accompli par Barny et son \u00e9quipe est un pied de nez au politiquement correct.<br \/>\nPar ailleurs, le divertissement est bien pr\u00e9sent sans pour autant tomb\u00e9 dans les d\u00e9rives du gag. Cela fait quand m\u00eame beaucoup de bien de voir un film \u00ab\u00a0s\u00e9rieux\u00a0\u00bb carib\u00e9en, qui se prend au serieux, militant sans propagande et \u00e0 port\u00e9e universelle.<\/p>\n","protected":false},"excerpt":{"rendered":"<p>Pr\u00e9sent \u00e0 l&rsquo;avant-premi\u00e8re du film de Jean-Claude Barny Le Gang Des Antillais, je tenais \u00e0 partager mon ressenti du film. SYNOPSIS Dans les ann\u00e9es 70, le BUMIDOM promettait de favoriser l\u2019insertion en m\u00e9tropole des fran\u00e7ais des DOM-TOM. Jimmy Larivi\u00e8re, arriv\u00e9 \u00e0 Paris pour refaire sa vie, ne parvient pas \u00e0 trouver sa place dans la soci\u00e9t\u00e9. Sa rencontre avec un groupe de trois jeunes antillais va l\u2019entra\u00eener dans une s\u00e9rie de braquages retentissants. &nbsp; UN COMBAT DE COQ L&rsquo;adaptation du livre autobiographique \u00ab\u00a0Le Gang Des Antillais\u00a0\u00bb de Lo\u00efc L\u00e9ry par Jean-Claude Barny est une r\u00e9ussite tout simplement. Les six ann\u00e9es&hellip;<\/p>\n","protected":false},"author":1,"featured_media":841,"comment_status":"open","ping_status":"open","sticky":false,"template":"","format":"standard","meta":{"footnotes":""},"categories":[3,9],"tags":[],"class_list":["post-458","post","type-post","status-publish","format-standard","has-post-thumbnail","hentry","category-blog","category-films","has-post-thumbnail-archive"],"_links":{"self":[{"href":"https:\/\/mapconcept.fr\/index.php\/wp-json\/wp\/v2\/posts\/458","targetHints":{"allow":["GET"]}}],"collection":[{"href":"https:\/\/mapconcept.fr\/index.php\/wp-json\/wp\/v2\/posts"}],"about":[{"href":"https:\/\/mapconcept.fr\/index.php\/wp-json\/wp\/v2\/types\/post"}],"author":[{"embeddable":true,"href":"https:\/\/mapconcept.fr\/index.php\/wp-json\/wp\/v2\/users\/1"}],"replies":[{"embeddable":true,"href":"https:\/\/mapconcept.fr\/index.php\/wp-json\/wp\/v2\/comments?post=458"}],"version-history":[{"count":1,"href":"https:\/\/mapconcept.fr\/index.php\/wp-json\/wp\/v2\/posts\/458\/revisions"}],"predecessor-version":[{"id":893,"href":"https:\/\/mapconcept.fr\/index.php\/wp-json\/wp\/v2\/posts\/458\/revisions\/893"}],"wp:featuredmedia":[{"embeddable":true,"href":"https:\/\/mapconcept.fr\/index.php\/wp-json\/wp\/v2\/media\/841"}],"wp:attachment":[{"href":"https:\/\/mapconcept.fr\/index.php\/wp-json\/wp\/v2\/media?parent=458"}],"wp:term":[{"taxonomy":"category","embeddable":true,"href":"https:\/\/mapconcept.fr\/index.php\/wp-json\/wp\/v2\/categories?post=458"},{"taxonomy":"post_tag","embeddable":true,"href":"https:\/\/mapconcept.fr\/index.php\/wp-json\/wp\/v2\/tags?post=458"}],"curies":[{"name":"wp","href":"https:\/\/api.w.org\/{rel}","templated":true}]}}